{"id":289,"date":"2026-04-27T17:00:00","date_gmt":"2026-04-27T17:00:00","guid":{"rendered":"https:\/\/jurema.pi.leg.br\/?p=289"},"modified":"2026-04-28T13:48:30","modified_gmt":"2026-04-28T13:48:30","slug":"camara-municipal-de-jurema-sediara-atendimento-descentralizado-da-justica-eleitoral","status":"publish","type":"post","link":"https:\/\/jurema.pi.leg.br\/index.php\/2026\/04\/27\/camara-municipal-de-jurema-sediara-atendimento-descentralizado-da-justica-eleitoral\/","title":{"rendered":"C\u00e2mara Municipal de Jurema sediar\u00e1 atendimento descentralizado da Justi\u00e7a Eleitoral"},"content":{"rendered":"\n<p>A C\u00e2mara Municipal de Jurema ser\u00e1 sede de uma a\u00e7\u00e3o de atendimento descentralizado promovida pelo Tribunal Regional Eleitoral do Piau\u00ed (TRE-PI), que acontecer\u00e1 nos dias 29 e 30 de abril de 2026, no hor\u00e1rio das 9h \u00e0s 12h.<\/p>\n\n\n\n<p>Durante os dois dias de atendimento, a unidade m\u00f3vel da Justi\u00e7a Eleitoral estar\u00e1 disponibilizando diversos servi\u00e7os \u00e0 popula\u00e7\u00e3o, incluindo alistamento eleitoral (emiss\u00e3o do primeiro t\u00edtulo), atualiza\u00e7\u00e3o e revis\u00e3o de dados cadastrais, transfer\u00eancia de domic\u00edlio eleitoral, emiss\u00e3o de certid\u00e3o de quita\u00e7\u00e3o eleitoral e cadastramento biom\u00e9trico, com coleta de digitais e fotografia para eleitores que ainda n\u00e3o possuem o registro.<\/p>\n\n\n\n<p>Para ser atendido, \u00e9 necess\u00e1rio que o cidad\u00e3o apresente documento oficial de identifica\u00e7\u00e3o com foto e comprovante de resid\u00eancia atualizado.<\/p>\n\n\n\n<p>A a\u00e7\u00e3o representa uma importante oportunidade para que os eleitores regularizem sua situa\u00e7\u00e3o junto \u00e0 Justi\u00e7a Eleitoral, especialmente considerando que o prazo final para altera\u00e7\u00f5es cadastrais se encerra no dia 06 de maio de 2026.<\/p>\n\n\n\n<p>A iniciativa refor\u00e7a o compromisso das institui\u00e7\u00f5es em facilitar o acesso aos servi\u00e7os p\u00fablicos, promovendo cidadania e garantindo que a popula\u00e7\u00e3o esteja apta a exercer plenamente seus direitos.<\/p>\n\n\n\n<p>A C\u00e2mara Municipal de Jurema reafirma seu compromisso com a promo\u00e7\u00e3o de a\u00e7\u00f5es que beneficiem a popula\u00e7\u00e3o, apoiando iniciativas que ampliem o acesso a servi\u00e7os essenciais e fortale\u00e7am a cidadania.<\/p>\n\n\n<div class=\"wp-block-image\">\n<figure class=\"aligncenter size-large\"><img loading=\"lazy\" decoding=\"async\" width=\"734\" height=\"1024\" src=\"https:\/\/jurema.pi.leg.br\/wp-content\/uploads\/2026\/04\/WhatsApp-Image-2026-04-28-at-10.44.53-734x1024.jpeg\" alt=\"\" class=\"wp-image-290\" srcset=\"https:\/\/jurema.pi.leg.br\/wp-content\/uploads\/2026\/04\/WhatsApp-Image-2026-04-28-at-10.44.53-734x1024.jpeg 734w, https:\/\/jurema.pi.leg.br\/wp-content\/uploads\/2026\/04\/WhatsApp-Image-2026-04-28-at-10.44.53-215x300.jpeg 215w, https:\/\/jurema.pi.leg.br\/wp-content\/uploads\/2026\/04\/WhatsApp-Image-2026-04-28-at-10.44.53-768x1071.jpeg 768w, https:\/\/jurema.pi.leg.br\/wp-content\/uploads\/2026\/04\/WhatsApp-Image-2026-04-28-at-10.44.53.jpeg 1080w\" sizes=\"auto, (max-width: 734px) 100vw, 734px\" \/><\/figure>\n<\/div>","protected":false},"excerpt":{"rendered":"<p>A C\u00e2mara Municipal de Jurema ser\u00e1 sede de uma a\u00e7\u00e3o de atendimento descentralizado promovida pelo Tribunal Regional Eleitoral do Piau\u00ed (TRE-PI), que acontecer\u00e1 nos dias 29 e 30 de abril&hellip; <\/p>\n","protected":false},"author":2,"featured_media":271,"comment_status":"open","ping_status":"open","sticky":false,"template":"","format":"standard","meta":{"footnotes":""},"categories":[11,12],"tags":[],"class_list":["post-289","post","type-post","status-publish","format-standard","has-post-thumbnail","hentry","category-camara-jurema","category-todos"],"_links":{"self":[{"href":"https:\/\/jurema.pi.leg.br\/index.php\/wp-json\/wp\/v2\/posts\/289","targetHints":{"allow":["GET"]}}],"collection":[{"href":"https:\/\/jurema.pi.leg.br\/index.php\/wp-json\/wp\/v2\/posts"}],"about":[{"href":"https:\/\/jurema.pi.leg.br\/index.php\/wp-json\/wp\/v2\/types\/post"}],"author":[{"embeddable":true,"href":"https:\/\/jurema.pi.leg.br\/index.php\/wp-json\/wp\/v2\/users\/2"}],"replies":[{"embeddable":true,"href":"https:\/\/jurema.pi.leg.br\/index.php\/wp-json\/wp\/v2\/comments?post=289"}],"version-history":[{"count":1,"href":"https:\/\/jurema.pi.leg.br\/index.php\/wp-json\/wp\/v2\/posts\/289\/revisions"}],"predecessor-version":[{"id":291,"href":"https:\/\/jurema.pi.leg.br\/index.php\/wp-json\/wp\/v2\/posts\/289\/revisions\/291"}],"wp:featuredmedia":[{"embeddable":true,"href":"https:\/\/jurema.pi.leg.br\/index.php\/wp-json\/wp\/v2\/media\/271"}],"wp:attachment":[{"href":"https:\/\/jurema.pi.leg.br\/index.php\/wp-json\/wp\/v2\/media?parent=289"}],"wp:term":[{"taxonomy":"category","embeddable":true,"href":"https:\/\/jurema.pi.leg.br\/index.php\/wp-json\/wp\/v2\/categories?post=289"},{"taxonomy":"post_tag","embeddable":true,"href":"https:\/\/jurema.pi.leg.br\/index.php\/wp-json\/wp\/v2\/tags?post=289"}],"curies":[{"name":"wp","href":"https:\/\/api.w.org\/{rel}","templated":true}]}}